{"id":1605,"date":"2026-09-01T10:00:18","date_gmt":"2026-09-01T08:00:18","guid":{"rendered":"https:\/\/www.anima-productions.com\/_clients\/faiteslire\/?p=1605"},"modified":"2026-09-01T10:25:37","modified_gmt":"2026-09-01T08:25:37","slug":"imaginaire-a-la-page","status":"publish","type":"post","link":"https:\/\/www.anima-productions.com\/_clients\/faiteslire\/imaginaire-a-la-page\/","title":{"rendered":"L&rsquo;imaginaire \u00e0 la page"},"content":{"rendered":"\n<p class=\"wp-block-paragraph\">Avec Faites Lire, laissez votre imaginaire s&rsquo;\u00e9chapper.<\/p>\n\n\n\n<p class=\"wp-block-paragraph\">En 2026, le festival Faites Lire met \u00e0 l&rsquo;honneur les <strong>mondes imaginaires<\/strong>. Ils constituent depuis toujours un terrain de jeu pour la litt\u00e9rature et pour l&rsquo;enfance. Mais ils sont bien davantage qu&rsquo;un divertissement.<\/p>\n\n\n\n<p class=\"wp-block-paragraph\">Imaginer, c&rsquo;est explorer. C&rsquo;est inventer d&rsquo;autres possibles, se projeter dans l&rsquo;inconnu, apprendre \u00e0 regarder le monde sous un autre angle. Les r\u00e9cits fantastiques, les contes ou la science-fiction permettent aux enfants comme aux adultes de d\u00e9velopper leur cr\u00e9ativit\u00e9, leur curiosit\u00e9 et leur capacit\u00e9 \u00e0 r\u00e9soudre des probl\u00e8mes. <\/p>\n\n\n\n<p class=\"wp-block-paragraph\">Dans un quotidien souvent rythm\u00e9 par l&rsquo;urgence et la performance, l&rsquo;imaginaire est un v\u00e9ritable espace de respiration. Le visuel du festival cr\u00e9\u00e9 par Cyril Pedrosa en est l&rsquo;illustration : une bulle de r\u00eave accompagn\u00e9e d&rsquo;un univers floral et de couleurs apaisantes.<\/p>\n\n\n\n<div class=\"FL26_CONTENT_BLOCK\"  style=\"text-align:left; padding:30px 0px;\" ><a  href=\"https:\/\/www.anima-productions.com\/_clients\/faiteslire\/auteurs\/cyril-pedrosa\/\"  class=\"FL26_CTA\">D\u00e9couvrir Cyril Pedrosa, invit\u00e9 d&rsquo;honneur de Faites Lire<\/a><\/div>\n\n\n<p class=\"wp-block-paragraph\">\u00c0 travers son salon du livre, ses rencontres d&rsquo;auteurs, ses spectacles, ses ateliers et ses animations, le festival invite chacun \u00e0 franchir les portes de ces univers sans limites. Car les mondes imaginaires ne nous \u00e9loignent pas du r\u00e9el : ils nous aident au contraire \u00e0 mieux le comprendre, \u00e0 le questionner et parfois m\u00eame \u00e0 le transformer.<\/p>\n\n\n\n<p class=\"wp-block-paragraph\">Le temps d&rsquo;un festival, laissez-vous guider par les livres, les histoires et les personnages qui ouvrent les portes de l&rsquo;impossible. Car chaque aventure commence souvent par un simple \u00ab Et si ? \u00bb.<\/p>\n","protected":false},"excerpt":{"rendered":"<p>Avec Faites Lire, laissez votre imaginaire s&rsquo;\u00e9chapper. En 2026, le festival Faites Lire met \u00e0 l&rsquo;honneur les mondes imaginaires. Ils constituent depuis toujours un terrain de jeu pour la litt\u00e9rature et pour l&rsquo;enfance. Mais ils sont bien davantage qu&rsquo;un divertissement. Imaginer, c&rsquo;est explorer. C&rsquo;est inventer d&rsquo;autres possibles, se projeter dans l&rsquo;inconnu, apprendre \u00e0 regarder le&hellip; <a class=\"more-link\" href=\"https:\/\/www.anima-productions.com\/_clients\/faiteslire\/imaginaire-a-la-page\/\">Poursuivre la lecture <span class=\"screen-reader-text\">L&rsquo;imaginaire \u00e0 la page<\/span><\/a><\/p>\n","protected":false},"author":4,"featured_media":1606,"comment_status":"open","ping_status":"open","sticky":false,"template":"","format":"standard","meta":{"_acf_changed":false,"footnotes":""},"categories":[1],"tags":[],"class_list":["post-1605","post","type-post","status-publish","format-standard","has-post-thumbnail","hentry","category-non-classe","entry"],"acf":[],"yoast_head":"<!-- This site is optimized with the Yoast SEO plugin v28.3 - https:\/\/yoast.com\/product\/yoast-seo-wordpress\/ -->\n<title>L&#039;imaginaire \u00e0 la page - Faites lire !<\/title>\n<meta name=\"description\" content=\"Du 28 septembre au 4 octobre, Faites Lire vous invite \u00e0 explorer des mondes imaginaires pour s&#039;\u00e9vader du quotidien.\" \/>\n<meta name=\"robots\" content=\"noindex, follow, max-snippet:-1, max-image-preview:large, max-video-preview:-1\" \/>\n<meta property=\"og:locale\" content=\"fr_FR\" \/>\n<meta property=\"og:type\" content=\"article\" \/>\n<meta property=\"og:title\" content=\"L&#039;imaginaire \u00e0 la page - Faites lire !\" \/>\n<meta property=\"og:description\" content=\"Du 28 septembre au 4 octobre, Faites Lire vous invite \u00e0 explorer des mondes imaginaires pour s&#039;\u00e9vader du quotidien.\" \/>\n<meta property=\"og:url\" content=\"https:\/\/www.anima-productions.com\/_clients\/faiteslire\/imaginaire-a-la-page\/\" \/>\n<meta property=\"og:site_name\" content=\"Faites lire !\" \/>\n<meta property=\"article:published_time\" content=\"2026-09-01T08:00:18+00:00\" \/>\n<meta property=\"article:modified_time\" content=\"2026-09-01T08:25:37+00:00\" \/>\n<meta property=\"og:image\" content=\"https:\/\/www.anima-productions.com\/_clients\/faiteslire\/wp-content\/uploads\/2026\/08\/faiteslire_def_export_1.jpg\" \/>\n\t<meta property=\"og:image:width\" content=\"2000\" \/>\n\t<meta property=\"og:image:height\" content=\"2000\" \/>\n\t<meta property=\"og:image:type\" content=\"image\/jpeg\" \/>\n<meta name=\"author\" content=\"Nicolas Holl\" \/>\n<meta name=\"twitter:card\" content=\"summary_large_image\" \/>\n<meta name=\"twitter:label1\" content=\"\u00c9crit par\" \/>\n\t<meta name=\"twitter:data1\" content=\"Nicolas Holl\" \/>\n\t<meta name=\"twitter:label2\" content=\"Dur\u00e9e de lecture estim\u00e9e\" \/>\n\t<meta name=\"twitter:data2\" content=\"2 minutes\" \/>\n<script type=\"application\/ld+json\" class=\"yoast-schema-graph\">{\"@context\":\"https:\\\/\\\/schema.org\",\"@graph\":[{\"@type\":\"Article\",\"@id\":\"https:\\\/\\\/www.anima-productions.com\\\/_clients\\\/faiteslire\\\/imaginaire-a-la-page\\\/#article\",\"isPartOf\":{\"@id\":\"https:\\\/\\\/www.anima-productions.com\\\/_clients\\\/faiteslire\\\/imaginaire-a-la-page\\\/\"},\"author\":{\"name\":\"Nicolas Holl\",\"@id\":\"https:\\\/\\\/www.anima-productions.com\\\/_clients\\\/faiteslire\\\/#\\\/schema\\\/person\\\/aae80bfe392f59bcb98ed7165ec03a8e\"},\"headline\":\"L&rsquo;imaginaire \u00e0 la page\",\"datePublished\":\"2026-09-01T08:00:18+00:00\",\"dateModified\":\"2026-09-01T08:25:37+00:00\",\"mainEntityOfPage\":{\"@id\":\"https:\\\/\\\/www.anima-productions.com\\\/_clients\\\/faiteslire\\\/imaginaire-a-la-page\\\/\"},\"wordCount\":235,\"commentCount\":0,\"image\":{\"@id\":\"https:\\\/\\\/www.anima-productions.com\\\/_clients\\\/faiteslire\\\/imaginaire-a-la-page\\\/#primaryimage\"},\"thumbnailUrl\":\"https:\\\/\\\/www.anima-productions.com\\\/_clients\\\/faiteslire\\\/wp-content\\\/uploads\\\/2026\\\/08\\\/faiteslire_def_export_1.jpg\",\"inLanguage\":\"fr-FR\",\"potentialAction\":[{\"@type\":\"CommentAction\",\"name\":\"Comment\",\"target\":[\"https:\\\/\\\/www.anima-productions.com\\\/_clients\\\/faiteslire\\\/imaginaire-a-la-page\\\/#respond\"]}]},{\"@type\":\"WebPage\",\"@id\":\"https:\\\/\\\/www.anima-productions.com\\\/_clients\\\/faiteslire\\\/imaginaire-a-la-page\\\/\",\"url\":\"https:\\\/\\\/www.anima-productions.com\\\/_clients\\\/faiteslire\\\/imaginaire-a-la-page\\\/\",\"name\":\"L'imaginaire \u00e0 la page - Faites lire !\",\"isPartOf\":{\"@id\":\"https:\\\/\\\/www.anima-productions.com\\\/_clients\\\/faiteslire\\\/#website\"},\"primaryImageOfPage\":{\"@id\":\"https:\\\/\\\/www.anima-productions.com\\\/_clients\\\/faiteslire\\\/imaginaire-a-la-page\\\/#primaryimage\"},\"image\":{\"@id\":\"https:\\\/\\\/www.anima-productions.com\\\/_clients\\\/faiteslire\\\/imaginaire-a-la-page\\\/#primaryimage\"},\"thumbnailUrl\":\"https:\\\/\\\/www.anima-productions.com\\\/_clients\\\/faiteslire\\\/wp-content\\\/uploads\\\/2026\\\/08\\\/faiteslire_def_export_1.jpg\",\"datePublished\":\"2026-09-01T08:00:18+00:00\",\"dateModified\":\"2026-09-01T08:25:37+00:00\",\"author\":{\"@id\":\"https:\\\/\\\/www.anima-productions.com\\\/_clients\\\/faiteslire\\\/#\\\/schema\\\/person\\\/aae80bfe392f59bcb98ed7165ec03a8e\"},\"description\":\"Du 28 septembre au 4 octobre, Faites Lire vous invite \u00e0 explorer des mondes imaginaires pour s'\u00e9vader du quotidien.\",\"breadcrumb\":{\"@id\":\"https:\\\/\\\/www.anima-productions.com\\\/_clients\\\/faiteslire\\\/imaginaire-a-la-page\\\/#breadcrumb\"},\"inLanguage\":\"fr-FR\",\"potentialAction\":[{\"@type\":\"ReadAction\",\"target\":[\"https:\\\/\\\/www.anima-productions.com\\\/_clients\\\/faiteslire\\\/imaginaire-a-la-page\\\/\"]}]},{\"@type\":\"ImageObject\",\"inLanguage\":\"fr-FR\",\"@id\":\"https:\\\/\\\/www.anima-productions.com\\\/_clients\\\/faiteslire\\\/imaginaire-a-la-page\\\/#primaryimage\",\"url\":\"https:\\\/\\\/www.anima-productions.com\\\/_clients\\\/faiteslire\\\/wp-content\\\/uploads\\\/2026\\\/08\\\/faiteslire_def_export_1.jpg\",\"contentUrl\":\"https:\\\/\\\/www.anima-productions.com\\\/_clients\\\/faiteslire\\\/wp-content\\\/uploads\\\/2026\\\/08\\\/faiteslire_def_export_1.jpg\",\"width\":2000,\"height\":2000,\"caption\":\"Une jeune fille lit dans une bulle port\u00e9e par une plante bleu et rose. sur un fond bleu nuit.\"},{\"@type\":\"BreadcrumbList\",\"@id\":\"https:\\\/\\\/www.anima-productions.com\\\/_clients\\\/faiteslire\\\/imaginaire-a-la-page\\\/#breadcrumb\",\"itemListElement\":[{\"@type\":\"ListItem\",\"position\":1,\"name\":\"Accueil\",\"item\":\"https:\\\/\\\/www.anima-productions.com\\\/_clients\\\/faiteslire\\\/\"},{\"@type\":\"ListItem\",\"position\":2,\"name\":\"L&rsquo;imaginaire \u00e0 la page\"}]},{\"@type\":\"WebSite\",\"@id\":\"https:\\\/\\\/www.anima-productions.com\\\/_clients\\\/faiteslire\\\/#website\",\"url\":\"https:\\\/\\\/www.anima-productions.com\\\/_clients\\\/faiteslire\\\/\",\"name\":\"Faites lire !\",\"description\":\"La f\u00eate de la lecture | Le Mans\",\"potentialAction\":[{\"@type\":\"SearchAction\",\"target\":{\"@type\":\"EntryPoint\",\"urlTemplate\":\"https:\\\/\\\/www.anima-productions.com\\\/_clients\\\/faiteslire\\\/?s={search_term_string}\"},\"query-input\":{\"@type\":\"PropertyValueSpecification\",\"valueRequired\":true,\"valueName\":\"search_term_string\"}}],\"inLanguage\":\"fr-FR\"},{\"@type\":\"Person\",\"@id\":\"https:\\\/\\\/www.anima-productions.com\\\/_clients\\\/faiteslire\\\/#\\\/schema\\\/person\\\/aae80bfe392f59bcb98ed7165ec03a8e\",\"name\":\"Nicolas Holl\",\"image\":{\"@type\":\"ImageObject\",\"inLanguage\":\"fr-FR\",\"@id\":\"https:\\\/\\\/secure.gravatar.com\\\/avatar\\\/347012275d0a2bb879fa4c0fe6ee99267ec0c3f934cbd1cc247355c09d232122?s=96&d=mm&r=g\",\"url\":\"https:\\\/\\\/secure.gravatar.com\\\/avatar\\\/347012275d0a2bb879fa4c0fe6ee99267ec0c3f934cbd1cc247355c09d232122?s=96&d=mm&r=g\",\"contentUrl\":\"https:\\\/\\\/secure.gravatar.com\\\/avatar\\\/347012275d0a2bb879fa4c0fe6ee99267ec0c3f934cbd1cc247355c09d232122?s=96&d=mm&r=g\",\"caption\":\"Nicolas Holl\"},\"url\":\"https:\\\/\\\/www.anima-productions.com\\\/_clients\\\/faiteslire\\\/author\\\/nicolas\\\/\"}]}<\/script>\n<!-- \/ Yoast SEO plugin. -->","yoast_head_json":{"title":"L'imaginaire \u00e0 la page - Faites lire !","description":"Du 28 septembre au 4 octobre, Faites Lire vous invite \u00e0 explorer des mondes imaginaires pour s'\u00e9vader du quotidien.","robots":{"index":"noindex","follow":"follow","max-snippet":"max-snippet:-1","max-image-preview":"max-image-preview:large","max-video-preview":"max-video-preview:-1"},"og_locale":"fr_FR","og_type":"article","og_title":"L'imaginaire \u00e0 la page - Faites lire !","og_description":"Du 28 septembre au 4 octobre, Faites Lire vous invite \u00e0 explorer des mondes imaginaires pour s'\u00e9vader du quotidien.","og_url":"https:\/\/www.anima-productions.com\/_clients\/faiteslire\/imaginaire-a-la-page\/","og_site_name":"Faites lire !","article_published_time":"2026-09-01T08:00:18+00:00","article_modified_time":"2026-09-01T08:25:37+00:00","og_image":[{"width":2000,"height":2000,"url":"https:\/\/www.anima-productions.com\/_clients\/faiteslire\/wp-content\/uploads\/2026\/08\/faiteslire_def_export_1.jpg","type":"image\/jpeg"}],"author":"Nicolas Holl","twitter_card":"summary_large_image","twitter_misc":{"\u00c9crit par":"Nicolas Holl","Dur\u00e9e de lecture estim\u00e9e":"2 minutes"},"schema":{"@context":"https:\/\/schema.org","@graph":[{"@type":"Article","@id":"https:\/\/www.anima-productions.com\/_clients\/faiteslire\/imaginaire-a-la-page\/#article","isPartOf":{"@id":"https:\/\/www.anima-productions.com\/_clients\/faiteslire\/imaginaire-a-la-page\/"},"author":{"name":"Nicolas Holl","@id":"https:\/\/www.anima-productions.com\/_clients\/faiteslire\/#\/schema\/person\/aae80bfe392f59bcb98ed7165ec03a8e"},"headline":"L&rsquo;imaginaire \u00e0 la page","datePublished":"2026-09-01T08:00:18+00:00","dateModified":"2026-09-01T08:25:37+00:00","mainEntityOfPage":{"@id":"https:\/\/www.anima-productions.com\/_clients\/faiteslire\/imaginaire-a-la-page\/"},"wordCount":235,"commentCount":0,"image":{"@id":"https:\/\/www.anima-productions.com\/_clients\/faiteslire\/imaginaire-a-la-page\/#primaryimage"},"thumbnailUrl":"https:\/\/www.anima-productions.com\/_clients\/faiteslire\/wp-content\/uploads\/2026\/08\/faiteslire_def_export_1.jpg","inLanguage":"fr-FR","potentialAction":[{"@type":"CommentAction","name":"Comment","target":["https:\/\/www.anima-productions.com\/_clients\/faiteslire\/imaginaire-a-la-page\/#respond"]}]},{"@type":"WebPage","@id":"https:\/\/www.anima-productions.com\/_clients\/faiteslire\/imaginaire-a-la-page\/","url":"https:\/\/www.anima-productions.com\/_clients\/faiteslire\/imaginaire-a-la-page\/","name":"L'imaginaire \u00e0 la page - Faites lire !","isPartOf":{"@id":"https:\/\/www.anima-productions.com\/_clients\/faiteslire\/#website"},"primaryImageOfPage":{"@id":"https:\/\/www.anima-productions.com\/_clients\/faiteslire\/imaginaire-a-la-page\/#primaryimage"},"image":{"@id":"https:\/\/www.anima-productions.com\/_clients\/faiteslire\/imaginaire-a-la-page\/#primaryimage"},"thumbnailUrl":"https:\/\/www.anima-productions.com\/_clients\/faiteslire\/wp-content\/uploads\/2026\/08\/faiteslire_def_export_1.jpg","datePublished":"2026-09-01T08:00:18+00:00","dateModified":"2026-09-01T08:25:37+00:00","author":{"@id":"https:\/\/www.anima-productions.com\/_clients\/faiteslire\/#\/schema\/person\/aae80bfe392f59bcb98ed7165ec03a8e"},"description":"Du 28 septembre au 4 octobre, Faites Lire vous invite \u00e0 explorer des mondes imaginaires pour s'\u00e9vader du quotidien.","breadcrumb":{"@id":"https:\/\/www.anima-productions.com\/_clients\/faiteslire\/imaginaire-a-la-page\/#breadcrumb"},"inLanguage":"fr-FR","potentialAction":[{"@type":"ReadAction","target":["https:\/\/www.anima-productions.com\/_clients\/faiteslire\/imaginaire-a-la-page\/"]}]},{"@type":"ImageObject","inLanguage":"fr-FR","@id":"https:\/\/www.anima-productions.com\/_clients\/faiteslire\/imaginaire-a-la-page\/#primaryimage","url":"https:\/\/www.anima-productions.com\/_clients\/faiteslire\/wp-content\/uploads\/2026\/08\/faiteslire_def_export_1.jpg","contentUrl":"https:\/\/www.anima-productions.com\/_clients\/faiteslire\/wp-content\/uploads\/2026\/08\/faiteslire_def_export_1.jpg","width":2000,"height":2000,"caption":"Une jeune fille lit dans une bulle port\u00e9e par une plante bleu et rose. sur un fond bleu nuit."},{"@type":"BreadcrumbList","@id":"https:\/\/www.anima-productions.com\/_clients\/faiteslire\/imaginaire-a-la-page\/#breadcrumb","itemListElement":[{"@type":"ListItem","position":1,"name":"Accueil","item":"https:\/\/www.anima-productions.com\/_clients\/faiteslire\/"},{"@type":"ListItem","position":2,"name":"L&rsquo;imaginaire \u00e0 la page"}]},{"@type":"WebSite","@id":"https:\/\/www.anima-productions.com\/_clients\/faiteslire\/#website","url":"https:\/\/www.anima-productions.com\/_clients\/faiteslire\/","name":"Faites lire !","description":"La f\u00eate de la lecture | Le Mans","potentialAction":[{"@type":"SearchAction","target":{"@type":"EntryPoint","urlTemplate":"https:\/\/www.anima-productions.com\/_clients\/faiteslire\/?s={search_term_string}"},"query-input":{"@type":"PropertyValueSpecification","valueRequired":true,"valueName":"search_term_string"}}],"inLanguage":"fr-FR"},{"@type":"Person","@id":"https:\/\/www.anima-productions.com\/_clients\/faiteslire\/#\/schema\/person\/aae80bfe392f59bcb98ed7165ec03a8e","name":"Nicolas Holl","image":{"@type":"ImageObject","inLanguage":"fr-FR","@id":"https:\/\/secure.gravatar.com\/avatar\/347012275d0a2bb879fa4c0fe6ee99267ec0c3f934cbd1cc247355c09d232122?s=96&d=mm&r=g","url":"https:\/\/secure.gravatar.com\/avatar\/347012275d0a2bb879fa4c0fe6ee99267ec0c3f934cbd1cc247355c09d232122?s=96&d=mm&r=g","contentUrl":"https:\/\/secure.gravatar.com\/avatar\/347012275d0a2bb879fa4c0fe6ee99267ec0c3f934cbd1cc247355c09d232122?s=96&d=mm&r=g","caption":"Nicolas Holl"},"url":"https:\/\/www.anima-productions.com\/_clients\/faiteslire\/author\/nicolas\/"}]}},"_links":{"self":[{"href":"https:\/\/www.anima-productions.com\/_clients\/faiteslire\/wp-json\/wp\/v2\/posts\/1605","targetHints":{"allow":["GET"]}}],"collection":[{"href":"https:\/\/www.anima-productions.com\/_clients\/faiteslire\/wp-json\/wp\/v2\/posts"}],"about":[{"href":"https:\/\/www.anima-productions.com\/_clients\/faiteslire\/wp-json\/wp\/v2\/types\/post"}],"author":[{"embeddable":true,"href":"https:\/\/www.anima-productions.com\/_clients\/faiteslire\/wp-json\/wp\/v2\/users\/4"}],"replies":[{"embeddable":true,"href":"https:\/\/www.anima-productions.com\/_clients\/faiteslire\/wp-json\/wp\/v2\/comments?post=1605"}],"version-history":[{"count":6,"href":"https:\/\/www.anima-productions.com\/_clients\/faiteslire\/wp-json\/wp\/v2\/posts\/1605\/revisions"}],"predecessor-version":[{"id":1887,"href":"https:\/\/www.anima-productions.com\/_clients\/faiteslire\/wp-json\/wp\/v2\/posts\/1605\/revisions\/1887"}],"wp:featuredmedia":[{"embeddable":true,"href":"https:\/\/www.anima-productions.com\/_clients\/faiteslire\/wp-json\/wp\/v2\/media\/1606"}],"wp:attachment":[{"href":"https:\/\/www.anima-productions.com\/_clients\/faiteslire\/wp-json\/wp\/v2\/media?parent=1605"}],"wp:term":[{"taxonomy":"category","embeddable":true,"href":"https:\/\/www.anima-productions.com\/_clients\/faiteslire\/wp-json\/wp\/v2\/categories?post=1605"},{"taxonomy":"post_tag","embeddable":true,"href":"https:\/\/www.anima-productions.com\/_clients\/faiteslire\/wp-json\/wp\/v2\/tags?post=1605"}],"curies":[{"name":"wp","href":"https:\/\/api.w.org\/{rel}","templated":true}]}}