{"id":1610,"date":"2026-09-01T12:00:30","date_gmt":"2026-09-01T10:00:30","guid":{"rendered":"https:\/\/www.anima-productions.com\/_clients\/faiteslire\/?p=1610"},"modified":"2026-09-01T10:25:59","modified_gmt":"2026-09-01T08:25:59","slug":"le-livre-vert-interview-severine-duchesne","status":"publish","type":"post","link":"https:\/\/www.anima-productions.com\/_clients\/faiteslire\/le-livre-vert-interview-severine-duchesne\/","title":{"rendered":"Le livre vert : \u00ab\u00a0passer un message positif\u00a0\u00bb"},"content":{"rendered":"\n<p class=\"wp-block-paragraph\">Port\u00e9 par le r\u00e9seau des M\u00e9diath\u00e8ques, le Livre Vert existe depuis  2019. Cette bourse de cr\u00e9ation permet \u00e0 un auteur d\u2019album jeunesse illustr\u00e9 d\u2019\u00e9crire un livre sur les th\u00e9matiques de l\u2019environnement et des rapports de l\u2019Homme avec la nature. Destin\u00e9 \u00e0 des enfants de 6-7 ans, il est imprim\u00e9 \u00e0 2 200 exemplaires et offert aux enfants scolaris\u00e9s en classe de CP des \u00e9coles publiques et priv\u00e9es.<\/p>\n\n\n\n<p class=\"wp-block-paragraph\"><strong>S\u00e9verine Duchesne est la laur\u00e9ate 2026<\/strong>, interview r\u00e9alis\u00e9e pour les magazines O:Mans et O:M\u00e9tropole.<\/p>\n\n\n\n<p class=\"wp-block-paragraph\"><strong>Comment se caract\u00e9rise votre travail d\u2019autrice-illustratrice ?<\/strong><\/p>\n\n\n\n<p class=\"wp-block-paragraph\"><em>Au cours de ces vingt derni\u00e8res ann\u00e9es, j\u2019ai \u00e9crit et illustr\u00e9 une<br>cinquantaine d\u2019albums, exclusivement d\u00e9di\u00e9s \u00e0 la jeunesse, seule<br>ou en collaboration avec diff\u00e9rents auteurs. J\u2019aime travailler pour<br>le jeune public, car il est ouvert \u00e0 toutes les formes d\u2019expression<br>et m\u2019offre une grande libert\u00e9 artistique. Dans cet esprit, encourag\u00e9e<br>par les \u00e9diteurs, j\u2019exp\u00e9rimente une large palette de techniques :<br>peinture, collage, papier m\u00e2ch\u00e9\u2026 Sensible \u00e0 l\u2019environnement,<br>mes histoires s\u2019inspirent souvent de mes observations et des objets<br>que je ramasse dans la nature.<\/em><\/p>\n\n\n\n<p class=\"wp-block-paragraph\"><strong>Est-ce cette sensibilit\u00e9 \u00e0 la nature qui vous a conduite \u00e0 participer au Prix du Livre Vert ?<\/strong><\/p>\n\n\n\n<p class=\"wp-block-paragraph\"><em>La d\u00e9marche du Prix du Livre Vert r\u00e9pond en effet \u00e0 mes aspirations.<br>Dans l\u2019univers de la litt\u00e9rature jeunesse, il est par ailleurs rare<br>de pouvoir participer \u00e0 un tel concours. J\u2019ai donc saisi cette belle<br>opportunit\u00e9, d\u2019autant que je travaillais d\u00e9j\u00e0 sur un projet autour de la<br>biodiversit\u00e9. D\u00e8s lors que ma proposition a \u00e9t\u00e9 retenue, j\u2019ai beaucoup \u00e9chang\u00e9 avec les \u00e9quipes des m\u00e9diath\u00e8ques de la Ville du Mans. J\u2019ai aussi \u00e9t\u00e9 formidablement accompagn\u00e9e par les \u00e9ditions du Ricochet. Ces collaborations ont \u00e9t\u00e9 tr\u00e8s pr\u00e9cieuses et stimulantes.<\/em><\/p>\n\n\n\n<p class=\"wp-block-paragraph\"><strong>Quel est le sujet de votre album et quelle vie va-t-il avoir ?<\/strong><\/p>\n\n\n\n<p class=\"wp-block-paragraph\"><em>L\u2019album, intitul\u00e9 L\u2019Arbri, raconte comment la vie s\u2019organise dans les<br>bois morts, qui jouent un r\u00f4le essentiel dans notre \u00e9cosyst\u00e8me.<br>J\u2019ai voulu, \u00e0 travers cette cr\u00e9ation, faire passer un message positif<br>autour de la fin de vie et de la transmission. L\u2019album sera d\u00e9voil\u00e9 le<br>30 septembre lors de Faites Lire ! Je reviendrai au Mans au printemps<br>2027 pour \u00e9changer avec les enfants qui, pendant l\u2019ann\u00e9e scolaire,<br>travailleront sur L\u2019Arbri avec leurs enseignants. J\u2019aime rencontrer<br>les \u00e9l\u00e8ves et animer des ateliers. C\u2019est un prolongement naturel<br>de mon travail<\/em>.<\/p>\n\n\n\n<div class=\"FL26_CONTENT_BLOCK\"  style=\"text-align:left; padding:30px 0px;\" ><a  href=\"https:\/\/www.anima-productions.com\/_clients\/faiteslire\/auteurs\/severine-duchesne\/\"  class=\"FL26_CTA\">D\u00e9couvrir S\u00e9verine Duchesne<\/a><\/div>\n\n<div class=\"wp-block-image\">\n<figure class=\"aligncenter size-full\"><img loading=\"lazy\" decoding=\"async\" width=\"250\" height=\"204\" src=\"https:\/\/www.anima-productions.com\/_clients\/faiteslire\/wp-content\/uploads\/2026\/07\/Couv-Arbri-Duchesne.webp\" alt=\"couverture de l'album l'arbri par S\u00e9verine Duchesne\" class=\"wp-image-1243\" srcset=\"https:\/\/www.anima-productions.com\/_clients\/faiteslire\/wp-content\/uploads\/2026\/07\/Couv-Arbri-Duchesne.webp 250w, https:\/\/www.anima-productions.com\/_clients\/faiteslire\/wp-content\/uploads\/2026\/07\/Couv-Arbri-Duchesne-5x5.webp 5w\" sizes=\"auto, (max-width: 250px) 100vw, 250px\" \/><\/figure>\n<\/div>","protected":false},"excerpt":{"rendered":"<p>Port\u00e9 par le r\u00e9seau des M\u00e9diath\u00e8ques, le Livre Vert existe depuis 2019. Cette bourse de cr\u00e9ation permet \u00e0 un auteur d\u2019album jeunesse illustr\u00e9 d\u2019\u00e9crire un livre sur les th\u00e9matiques de l\u2019environnement et des rapports de l\u2019Homme avec la nature. Destin\u00e9 \u00e0 des enfants de 6-7 ans, il est imprim\u00e9 \u00e0 2 200 exemplaires et offert&hellip; <a class=\"more-link\" href=\"https:\/\/www.anima-productions.com\/_clients\/faiteslire\/le-livre-vert-interview-severine-duchesne\/\">Poursuivre la lecture <span class=\"screen-reader-text\">Le livre vert : \u00ab\u00a0passer un message positif\u00a0\u00bb<\/span><\/a><\/p>\n","protected":false},"author":4,"featured_media":1238,"comment_status":"open","ping_status":"open","sticky":false,"template":"","format":"standard","meta":{"_acf_changed":false,"footnotes":""},"categories":[1],"tags":[],"class_list":["post-1610","post","type-post","status-publish","format-standard","has-post-thumbnail","hentry","category-non-classe","entry"],"acf":[],"yoast_head":"<!-- This site is optimized with the Yoast SEO plugin v28.3 - https:\/\/yoast.com\/product\/yoast-seo-wordpress\/ -->\n<title>Le livre vert : &quot;passer un message positif&quot; - Faites lire !<\/title>\n<meta name=\"robots\" content=\"noindex, follow, max-snippet:-1, max-image-preview:large, max-video-preview:-1\" \/>\n<meta property=\"og:locale\" content=\"fr_FR\" \/>\n<meta property=\"og:type\" content=\"article\" \/>\n<meta property=\"og:title\" content=\"Le livre vert : &quot;passer un message positif&quot; - Faites lire !\" \/>\n<meta property=\"og:description\" content=\"Port\u00e9 par le r\u00e9seau des M\u00e9diath\u00e8ques, le Livre Vert existe depuis 2019. Cette bourse de cr\u00e9ation permet \u00e0 un auteur d\u2019album jeunesse illustr\u00e9 d\u2019\u00e9crire un livre sur les th\u00e9matiques de l\u2019environnement et des rapports de l\u2019Homme avec la nature. Destin\u00e9 \u00e0 des enfants de 6-7 ans, il est imprim\u00e9 \u00e0 2 200 exemplaires et offert&hellip; Poursuivre la lecture Le livre vert : \u00ab\u00a0passer un message positif\u00a0\u00bb\" \/>\n<meta property=\"og:url\" content=\"https:\/\/www.anima-productions.com\/_clients\/faiteslire\/le-livre-vert-interview-severine-duchesne\/\" \/>\n<meta property=\"og:site_name\" content=\"Faites lire !\" \/>\n<meta property=\"article:published_time\" content=\"2026-09-01T10:00:30+00:00\" \/>\n<meta property=\"og:image\" content=\"https:\/\/www.anima-productions.com\/_clients\/faiteslire\/wp-content\/uploads\/2026\/07\/Auteur-Severine-DUCHESNE\u00a9Florent-Cattelain.webp\" \/>\n\t<meta property=\"og:image:width\" content=\"450\" \/>\n\t<meta property=\"og:image:height\" content=\"450\" \/>\n\t<meta property=\"og:image:type\" content=\"image\/webp\" \/>\n<meta name=\"author\" content=\"Nicolas Holl\" \/>\n<meta name=\"twitter:card\" content=\"summary_large_image\" \/>\n<meta name=\"twitter:label1\" content=\"\u00c9crit par\" \/>\n\t<meta name=\"twitter:data1\" content=\"Nicolas Holl\" \/>\n\t<meta name=\"twitter:label2\" content=\"Dur\u00e9e de lecture estim\u00e9e\" \/>\n\t<meta name=\"twitter:data2\" content=\"3 minutes\" \/>\n<script type=\"application\/ld+json\" class=\"yoast-schema-graph\">{\"@context\":\"https:\\\/\\\/schema.org\",\"@graph\":[{\"@type\":\"Article\",\"@id\":\"https:\\\/\\\/www.anima-productions.com\\\/_clients\\\/faiteslire\\\/le-livre-vert-interview-severine-duchesne\\\/#article\",\"isPartOf\":{\"@id\":\"https:\\\/\\\/www.anima-productions.com\\\/_clients\\\/faiteslire\\\/le-livre-vert-interview-severine-duchesne\\\/\"},\"author\":{\"name\":\"Nicolas Holl\",\"@id\":\"https:\\\/\\\/www.anima-productions.com\\\/_clients\\\/faiteslire\\\/#\\\/schema\\\/person\\\/aae80bfe392f59bcb98ed7165ec03a8e\"},\"headline\":\"Le livre vert : \u00ab\u00a0passer un message positif\u00a0\u00bb\",\"datePublished\":\"2026-09-01T10:00:30+00:00\",\"mainEntityOfPage\":{\"@id\":\"https:\\\/\\\/www.anima-productions.com\\\/_clients\\\/faiteslire\\\/le-livre-vert-interview-severine-duchesne\\\/\"},\"wordCount\":418,\"commentCount\":0,\"image\":{\"@id\":\"https:\\\/\\\/www.anima-productions.com\\\/_clients\\\/faiteslire\\\/le-livre-vert-interview-severine-duchesne\\\/#primaryimage\"},\"thumbnailUrl\":\"https:\\\/\\\/www.anima-productions.com\\\/_clients\\\/faiteslire\\\/wp-content\\\/uploads\\\/2026\\\/07\\\/Auteur-Severine-DUCHESNE\u00a9Florent-Cattelain.webp\",\"inLanguage\":\"fr-FR\",\"potentialAction\":[{\"@type\":\"CommentAction\",\"name\":\"Comment\",\"target\":[\"https:\\\/\\\/www.anima-productions.com\\\/_clients\\\/faiteslire\\\/le-livre-vert-interview-severine-duchesne\\\/#respond\"]}]},{\"@type\":\"WebPage\",\"@id\":\"https:\\\/\\\/www.anima-productions.com\\\/_clients\\\/faiteslire\\\/le-livre-vert-interview-severine-duchesne\\\/\",\"url\":\"https:\\\/\\\/www.anima-productions.com\\\/_clients\\\/faiteslire\\\/le-livre-vert-interview-severine-duchesne\\\/\",\"name\":\"Le livre vert : \\\"passer un message positif\\\" - Faites lire !\",\"isPartOf\":{\"@id\":\"https:\\\/\\\/www.anima-productions.com\\\/_clients\\\/faiteslire\\\/#website\"},\"primaryImageOfPage\":{\"@id\":\"https:\\\/\\\/www.anima-productions.com\\\/_clients\\\/faiteslire\\\/le-livre-vert-interview-severine-duchesne\\\/#primaryimage\"},\"image\":{\"@id\":\"https:\\\/\\\/www.anima-productions.com\\\/_clients\\\/faiteslire\\\/le-livre-vert-interview-severine-duchesne\\\/#primaryimage\"},\"thumbnailUrl\":\"https:\\\/\\\/www.anima-productions.com\\\/_clients\\\/faiteslire\\\/wp-content\\\/uploads\\\/2026\\\/07\\\/Auteur-Severine-DUCHESNE\u00a9Florent-Cattelain.webp\",\"datePublished\":\"2026-09-01T10:00:30+00:00\",\"author\":{\"@id\":\"https:\\\/\\\/www.anima-productions.com\\\/_clients\\\/faiteslire\\\/#\\\/schema\\\/person\\\/aae80bfe392f59bcb98ed7165ec03a8e\"},\"breadcrumb\":{\"@id\":\"https:\\\/\\\/www.anima-productions.com\\\/_clients\\\/faiteslire\\\/le-livre-vert-interview-severine-duchesne\\\/#breadcrumb\"},\"inLanguage\":\"fr-FR\",\"potentialAction\":[{\"@type\":\"ReadAction\",\"target\":[\"https:\\\/\\\/www.anima-productions.com\\\/_clients\\\/faiteslire\\\/le-livre-vert-interview-severine-duchesne\\\/\"]}]},{\"@type\":\"ImageObject\",\"inLanguage\":\"fr-FR\",\"@id\":\"https:\\\/\\\/www.anima-productions.com\\\/_clients\\\/faiteslire\\\/le-livre-vert-interview-severine-duchesne\\\/#primaryimage\",\"url\":\"https:\\\/\\\/www.anima-productions.com\\\/_clients\\\/faiteslire\\\/wp-content\\\/uploads\\\/2026\\\/07\\\/Auteur-Severine-DUCHESNE\u00a9Florent-Cattelain.webp\",\"contentUrl\":\"https:\\\/\\\/www.anima-productions.com\\\/_clients\\\/faiteslire\\\/wp-content\\\/uploads\\\/2026\\\/07\\\/Auteur-Severine-DUCHESNE\u00a9Florent-Cattelain.webp\",\"width\":450,\"height\":450},{\"@type\":\"BreadcrumbList\",\"@id\":\"https:\\\/\\\/www.anima-productions.com\\\/_clients\\\/faiteslire\\\/le-livre-vert-interview-severine-duchesne\\\/#breadcrumb\",\"itemListElement\":[{\"@type\":\"ListItem\",\"position\":1,\"name\":\"Accueil\",\"item\":\"https:\\\/\\\/www.anima-productions.com\\\/_clients\\\/faiteslire\\\/\"},{\"@type\":\"ListItem\",\"position\":2,\"name\":\"Le livre vert : \u00ab\u00a0passer un message positif\u00a0\u00bb\"}]},{\"@type\":\"WebSite\",\"@id\":\"https:\\\/\\\/www.anima-productions.com\\\/_clients\\\/faiteslire\\\/#website\",\"url\":\"https:\\\/\\\/www.anima-productions.com\\\/_clients\\\/faiteslire\\\/\",\"name\":\"Faites lire !\",\"description\":\"La f\u00eate de la lecture | Le Mans\",\"potentialAction\":[{\"@type\":\"SearchAction\",\"target\":{\"@type\":\"EntryPoint\",\"urlTemplate\":\"https:\\\/\\\/www.anima-productions.com\\\/_clients\\\/faiteslire\\\/?s={search_term_string}\"},\"query-input\":{\"@type\":\"PropertyValueSpecification\",\"valueRequired\":true,\"valueName\":\"search_term_string\"}}],\"inLanguage\":\"fr-FR\"},{\"@type\":\"Person\",\"@id\":\"https:\\\/\\\/www.anima-productions.com\\\/_clients\\\/faiteslire\\\/#\\\/schema\\\/person\\\/aae80bfe392f59bcb98ed7165ec03a8e\",\"name\":\"Nicolas Holl\",\"image\":{\"@type\":\"ImageObject\",\"inLanguage\":\"fr-FR\",\"@id\":\"https:\\\/\\\/secure.gravatar.com\\\/avatar\\\/347012275d0a2bb879fa4c0fe6ee99267ec0c3f934cbd1cc247355c09d232122?s=96&d=mm&r=g\",\"url\":\"https:\\\/\\\/secure.gravatar.com\\\/avatar\\\/347012275d0a2bb879fa4c0fe6ee99267ec0c3f934cbd1cc247355c09d232122?s=96&d=mm&r=g\",\"contentUrl\":\"https:\\\/\\\/secure.gravatar.com\\\/avatar\\\/347012275d0a2bb879fa4c0fe6ee99267ec0c3f934cbd1cc247355c09d232122?s=96&d=mm&r=g\",\"caption\":\"Nicolas Holl\"},\"url\":\"https:\\\/\\\/www.anima-productions.com\\\/_clients\\\/faiteslire\\\/author\\\/nicolas\\\/\"}]}<\/script>\n<!-- \/ Yoast SEO plugin. -->","yoast_head_json":{"title":"Le livre vert : \"passer un message positif\" - Faites lire !","robots":{"index":"noindex","follow":"follow","max-snippet":"max-snippet:-1","max-image-preview":"max-image-preview:large","max-video-preview":"max-video-preview:-1"},"og_locale":"fr_FR","og_type":"article","og_title":"Le livre vert : \"passer un message positif\" - Faites lire !","og_description":"Port\u00e9 par le r\u00e9seau des M\u00e9diath\u00e8ques, le Livre Vert existe depuis 2019. Cette bourse de cr\u00e9ation permet \u00e0 un auteur d\u2019album jeunesse illustr\u00e9 d\u2019\u00e9crire un livre sur les th\u00e9matiques de l\u2019environnement et des rapports de l\u2019Homme avec la nature. Destin\u00e9 \u00e0 des enfants de 6-7 ans, il est imprim\u00e9 \u00e0 2 200 exemplaires et offert&hellip; Poursuivre la lecture Le livre vert : \u00ab\u00a0passer un message positif\u00a0\u00bb","og_url":"https:\/\/www.anima-productions.com\/_clients\/faiteslire\/le-livre-vert-interview-severine-duchesne\/","og_site_name":"Faites lire !","article_published_time":"2026-09-01T10:00:30+00:00","og_image":[{"width":450,"height":450,"url":"https:\/\/www.anima-productions.com\/_clients\/faiteslire\/wp-content\/uploads\/2026\/07\/Auteur-Severine-DUCHESNE\u00a9Florent-Cattelain.webp","type":"image\/webp"}],"author":"Nicolas Holl","twitter_card":"summary_large_image","twitter_misc":{"\u00c9crit par":"Nicolas Holl","Dur\u00e9e de lecture estim\u00e9e":"3 minutes"},"schema":{"@context":"https:\/\/schema.org","@graph":[{"@type":"Article","@id":"https:\/\/www.anima-productions.com\/_clients\/faiteslire\/le-livre-vert-interview-severine-duchesne\/#article","isPartOf":{"@id":"https:\/\/www.anima-productions.com\/_clients\/faiteslire\/le-livre-vert-interview-severine-duchesne\/"},"author":{"name":"Nicolas Holl","@id":"https:\/\/www.anima-productions.com\/_clients\/faiteslire\/#\/schema\/person\/aae80bfe392f59bcb98ed7165ec03a8e"},"headline":"Le livre vert : \u00ab\u00a0passer un message positif\u00a0\u00bb","datePublished":"2026-09-01T10:00:30+00:00","mainEntityOfPage":{"@id":"https:\/\/www.anima-productions.com\/_clients\/faiteslire\/le-livre-vert-interview-severine-duchesne\/"},"wordCount":418,"commentCount":0,"image":{"@id":"https:\/\/www.anima-productions.com\/_clients\/faiteslire\/le-livre-vert-interview-severine-duchesne\/#primaryimage"},"thumbnailUrl":"https:\/\/www.anima-productions.com\/_clients\/faiteslire\/wp-content\/uploads\/2026\/07\/Auteur-Severine-DUCHESNE\u00a9Florent-Cattelain.webp","inLanguage":"fr-FR","potentialAction":[{"@type":"CommentAction","name":"Comment","target":["https:\/\/www.anima-productions.com\/_clients\/faiteslire\/le-livre-vert-interview-severine-duchesne\/#respond"]}]},{"@type":"WebPage","@id":"https:\/\/www.anima-productions.com\/_clients\/faiteslire\/le-livre-vert-interview-severine-duchesne\/","url":"https:\/\/www.anima-productions.com\/_clients\/faiteslire\/le-livre-vert-interview-severine-duchesne\/","name":"Le livre vert : \"passer un message positif\" - Faites lire !","isPartOf":{"@id":"https:\/\/www.anima-productions.com\/_clients\/faiteslire\/#website"},"primaryImageOfPage":{"@id":"https:\/\/www.anima-productions.com\/_clients\/faiteslire\/le-livre-vert-interview-severine-duchesne\/#primaryimage"},"image":{"@id":"https:\/\/www.anima-productions.com\/_clients\/faiteslire\/le-livre-vert-interview-severine-duchesne\/#primaryimage"},"thumbnailUrl":"https:\/\/www.anima-productions.com\/_clients\/faiteslire\/wp-content\/uploads\/2026\/07\/Auteur-Severine-DUCHESNE\u00a9Florent-Cattelain.webp","datePublished":"2026-09-01T10:00:30+00:00","author":{"@id":"https:\/\/www.anima-productions.com\/_clients\/faiteslire\/#\/schema\/person\/aae80bfe392f59bcb98ed7165ec03a8e"},"breadcrumb":{"@id":"https:\/\/www.anima-productions.com\/_clients\/faiteslire\/le-livre-vert-interview-severine-duchesne\/#breadcrumb"},"inLanguage":"fr-FR","potentialAction":[{"@type":"ReadAction","target":["https:\/\/www.anima-productions.com\/_clients\/faiteslire\/le-livre-vert-interview-severine-duchesne\/"]}]},{"@type":"ImageObject","inLanguage":"fr-FR","@id":"https:\/\/www.anima-productions.com\/_clients\/faiteslire\/le-livre-vert-interview-severine-duchesne\/#primaryimage","url":"https:\/\/www.anima-productions.com\/_clients\/faiteslire\/wp-content\/uploads\/2026\/07\/Auteur-Severine-DUCHESNE\u00a9Florent-Cattelain.webp","contentUrl":"https:\/\/www.anima-productions.com\/_clients\/faiteslire\/wp-content\/uploads\/2026\/07\/Auteur-Severine-DUCHESNE\u00a9Florent-Cattelain.webp","width":450,"height":450},{"@type":"BreadcrumbList","@id":"https:\/\/www.anima-productions.com\/_clients\/faiteslire\/le-livre-vert-interview-severine-duchesne\/#breadcrumb","itemListElement":[{"@type":"ListItem","position":1,"name":"Accueil","item":"https:\/\/www.anima-productions.com\/_clients\/faiteslire\/"},{"@type":"ListItem","position":2,"name":"Le livre vert : \u00ab\u00a0passer un message positif\u00a0\u00bb"}]},{"@type":"WebSite","@id":"https:\/\/www.anima-productions.com\/_clients\/faiteslire\/#website","url":"https:\/\/www.anima-productions.com\/_clients\/faiteslire\/","name":"Faites lire !","description":"La f\u00eate de la lecture | Le Mans","potentialAction":[{"@type":"SearchAction","target":{"@type":"EntryPoint","urlTemplate":"https:\/\/www.anima-productions.com\/_clients\/faiteslire\/?s={search_term_string}"},"query-input":{"@type":"PropertyValueSpecification","valueRequired":true,"valueName":"search_term_string"}}],"inLanguage":"fr-FR"},{"@type":"Person","@id":"https:\/\/www.anima-productions.com\/_clients\/faiteslire\/#\/schema\/person\/aae80bfe392f59bcb98ed7165ec03a8e","name":"Nicolas Holl","image":{"@type":"ImageObject","inLanguage":"fr-FR","@id":"https:\/\/secure.gravatar.com\/avatar\/347012275d0a2bb879fa4c0fe6ee99267ec0c3f934cbd1cc247355c09d232122?s=96&d=mm&r=g","url":"https:\/\/secure.gravatar.com\/avatar\/347012275d0a2bb879fa4c0fe6ee99267ec0c3f934cbd1cc247355c09d232122?s=96&d=mm&r=g","contentUrl":"https:\/\/secure.gravatar.com\/avatar\/347012275d0a2bb879fa4c0fe6ee99267ec0c3f934cbd1cc247355c09d232122?s=96&d=mm&r=g","caption":"Nicolas Holl"},"url":"https:\/\/www.anima-productions.com\/_clients\/faiteslire\/author\/nicolas\/"}]}},"_links":{"self":[{"href":"https:\/\/www.anima-productions.com\/_clients\/faiteslire\/wp-json\/wp\/v2\/posts\/1610","targetHints":{"allow":["GET"]}}],"collection":[{"href":"https:\/\/www.anima-productions.com\/_clients\/faiteslire\/wp-json\/wp\/v2\/posts"}],"about":[{"href":"https:\/\/www.anima-productions.com\/_clients\/faiteslire\/wp-json\/wp\/v2\/types\/post"}],"author":[{"embeddable":true,"href":"https:\/\/www.anima-productions.com\/_clients\/faiteslire\/wp-json\/wp\/v2\/users\/4"}],"replies":[{"embeddable":true,"href":"https:\/\/www.anima-productions.com\/_clients\/faiteslire\/wp-json\/wp\/v2\/comments?post=1610"}],"version-history":[{"count":3,"href":"https:\/\/www.anima-productions.com\/_clients\/faiteslire\/wp-json\/wp\/v2\/posts\/1610\/revisions"}],"predecessor-version":[{"id":1869,"href":"https:\/\/www.anima-productions.com\/_clients\/faiteslire\/wp-json\/wp\/v2\/posts\/1610\/revisions\/1869"}],"wp:featuredmedia":[{"embeddable":true,"href":"https:\/\/www.anima-productions.com\/_clients\/faiteslire\/wp-json\/wp\/v2\/media\/1238"}],"wp:attachment":[{"href":"https:\/\/www.anima-productions.com\/_clients\/faiteslire\/wp-json\/wp\/v2\/media?parent=1610"}],"wp:term":[{"taxonomy":"category","embeddable":true,"href":"https:\/\/www.anima-productions.com\/_clients\/faiteslire\/wp-json\/wp\/v2\/categories?post=1610"},{"taxonomy":"post_tag","embeddable":true,"href":"https:\/\/www.anima-productions.com\/_clients\/faiteslire\/wp-json\/wp\/v2\/tags?post=1610"}],"curies":[{"name":"wp","href":"https:\/\/api.w.org\/{rel}","templated":true}]}}